{"id":100121,"date":"2014-08-26T13:21:30","date_gmt":"2014-08-26T12:21:30","guid":{"rendered":"https:\/\/gruendungsbuero.info\/2014\/08\/26\/deutscher-business-angels-tag-2014-from-local-to-global\/"},"modified":"2022-03-17T13:27:32","modified_gmt":"2022-03-17T12:27:32","slug":"german-business-angels-day-2014-from-local-to-global","status":"publish","type":"post","link":"https:\/\/gruendungsbuero.info\/en\/2014\/08\/26\/german-business-angels-day-2014-from-local-to-global\/","title":{"rendered":"Deutscher Business Angels Tag 2014 FROM LOCAL TO GLOBAL"},"content":{"rendered":"<p style=\"line-height: 15.0pt\">Sonntag\/Montag, 12. und 13. Oktober in der Bayerischen Landeshauptstadt M&uuml;nchen<\/p>\n<p style=\"line-height: 15.0pt\"><strong>Erster Kongresstag, Sonntag, 12.10.2014 von 14.00 bis 18.00 Uhr<\/strong><\/p>\n<p style=\"line-height: 15.0pt\">Sechs interaktive Workshops mit den Know-how- und Kompetenztr&auml;gern der Szene im Strascheg Center for Entrepreneurship an der Hochschule M&uuml;nchen &ndash; das einzigartige Akademieprogramm des Kongresses<\/p>\n<p style=\"line-height: 15.0pt\">Und abends<br \/> Galaabend anl&auml;sslich der Verleihung der &bdquo;Goldenen Nase&ldquo; an den &bdquo;Business Angel des Jahres 2014&ldquo; im Historischen Festsaal des Alten Rathauses der Stadt M&uuml;nchen<\/p>\n<p style=\"line-height: 15.0pt\"><strong>Zweiter Kongresstag, Montag, 13.10.2014 von 09.00 bis 18.00 Uhr<\/strong><\/p>\n<p style=\"line-height: 15.0pt\">Auf dem Nockherberg: Top Angels im Diskurs, Statements der Politik,&nbsp;aktuelle Trends, kontroverse Diskussionen und profunde Analysen, Benchmarks und Visionen, Pitches innovativer Start-ups und die BUSINESS ANGELS MESSE 2014: es pr&auml;sentieren sich die Leistungstr&auml;ger und -erbringer des deutschen Business Angels Marktes sowie innovative Unternehmen und begeisternde Teams auf der Suche nach Kapital.<\/p>\n<p style=\"line-height: 15.0pt\">Das Programm der Veranstaltung k&ouml;nnen Sie hier <a href=\"..\/..\/..\/downloads\/6365385\" target=\"_blank\" rel=\"noopener\">downloaden.<\/a>&nbsp;Details, weitere Informationen und die&nbsp;Anmeldung&nbsp;finden Sie unter&nbsp;<a style=\"line-height: 15pt;text-align: center\" href=\"http:\/\/www.business-angels.de\" target=\"_blank\" rel=\"noopener\"><strong>www.business-angels.de<\/strong><\/a><\/p>\n<p style=\"text-align: center;line-height: 15.0pt\" align=\"center\">&nbsp;<\/p>","protected":false},"excerpt":{"rendered":"<p>Deutschlands zentraler Treffpunkt des Business Angels Ecosystems Konferenz, Networking, Qualifizierung, Messe, Ausstellung, feierliches Event 500 Teilnehmer, 150 Aussteller, 70 Referenten<\/p>","protected":false},"author":810,"featured_media":0,"comment_status":"closed","ping_status":"open","sticky":false,"template":"","format":"standard","meta":{"_et_pb_use_builder":"","_et_pb_old_content":"","_et_gb_content_width":"","inline_featured_image":false,"footnotes":""},"categories":[95],"tags":[],"class_list":["post-100121","post","type-post","status-publish","format-standard","hentry","category-news"],"yoast_head":"<!-- This site is optimized with the Yoast SEO plugin v26.0 - https:\/\/yoast.com\/wordpress\/plugins\/seo\/ -->\n<title>Deutscher Business Angels Tag 2014 FROM LOCAL TO GLOBAL - Gr\u00fcndungsb\u00fcro<\/title>\n<meta name=\"robots\" content=\"index, follow, max-snippet:-1, max-image-preview:large, max-video-preview:-1\" \/>\n<link rel=\"canonical\" href=\"https:\/\/gruendungsbuero.info\/en\/2014\/08\/26\/german-business-angels-day-2014-from-local-to-global\/\" \/>\n<meta property=\"og:locale\" content=\"en_GB\" \/>\n<meta property=\"og:type\" content=\"article\" \/>\n<meta property=\"og:title\" content=\"Deutscher Business Angels Tag 2014 FROM LOCAL TO GLOBAL - Gr\u00fcndungsb\u00fcro\" \/>\n<meta property=\"og:description\" content=\"Deutschlands zentraler Treffpunkt des Business Angels Ecosystems Konferenz, Networking, Qualifizierung, Messe, Ausstellung, feierliches Event 500 Teilnehmer, 150 Aussteller, 70 Referenten\" \/>\n<meta property=\"og:url\" content=\"https:\/\/gruendungsbuero.info\/en\/2014\/08\/26\/german-business-angels-day-2014-from-local-to-global\/\" \/>\n<meta property=\"og:site_name\" content=\"Gr\u00fcndungsb\u00fcro\" \/>\n<meta property=\"article:published_time\" content=\"2014-08-26T12:21:30+00:00\" \/>\n<meta property=\"article:modified_time\" content=\"2022-03-17T12:27:32+00:00\" \/>\n<meta name=\"author\" content=\"Karolis Dailidonis\" \/>\n<meta name=\"twitter:card\" content=\"summary_large_image\" \/>\n<meta name=\"twitter:label1\" content=\"Written by\" \/>\n\t<meta name=\"twitter:data1\" content=\"Karolis Dailidonis\" \/>\n\t<meta name=\"twitter:label2\" content=\"Est. reading time\" \/>\n\t<meta name=\"twitter:data2\" content=\"1 minute\" \/>\n<script type=\"application\/ld+json\" class=\"yoast-schema-graph\">{\"@context\":\"https:\/\/schema.org\",\"@graph\":[{\"@type\":\"WebPage\",\"@id\":\"https:\/\/gruendungsbuero.info\/2014\/08\/26\/deutscher-business-angels-tag-2014-from-local-to-global\/\",\"url\":\"https:\/\/gruendungsbuero.info\/2014\/08\/26\/deutscher-business-angels-tag-2014-from-local-to-global\/\",\"name\":\"Deutscher Business Angels Tag 2014 FROM LOCAL TO GLOBAL - Gr\u00fcndungsb\u00fcro\",\"isPartOf\":{\"@id\":\"https:\/\/gruendungsbuero.info\/#website\"},\"datePublished\":\"2014-08-26T12:21:30+00:00\",\"dateModified\":\"2022-03-17T12:27:32+00:00\",\"author\":{\"@id\":\"https:\/\/gruendungsbuero.info\/#\/schema\/person\/58a723001087346f00ec3274659735aa\"},\"breadcrumb\":{\"@id\":\"https:\/\/gruendungsbuero.info\/2014\/08\/26\/deutscher-business-angels-tag-2014-from-local-to-global\/#breadcrumb\"},\"inLanguage\":\"en-GB\",\"potentialAction\":[{\"@type\":\"ReadAction\",\"target\":[\"https:\/\/gruendungsbuero.info\/2014\/08\/26\/deutscher-business-angels-tag-2014-from-local-to-global\/\"]}]},{\"@type\":\"BreadcrumbList\",\"@id\":\"https:\/\/gruendungsbuero.info\/2014\/08\/26\/deutscher-business-angels-tag-2014-from-local-to-global\/#breadcrumb\",\"itemListElement\":[{\"@type\":\"ListItem\",\"position\":1,\"name\":\"Home\",\"item\":\"https:\/\/gruendungsbuero.info\/\"},{\"@type\":\"ListItem\",\"position\":2,\"name\":\"Deutscher Business Angels Tag 2014 FROM LOCAL TO GLOBAL\"}]},{\"@type\":\"WebSite\",\"@id\":\"https:\/\/gruendungsbuero.info\/#website\",\"url\":\"https:\/\/gruendungsbuero.info\/\",\"name\":\"Gr\u00fcndungsb\u00fcro\",\"description\":\"Rheinland-Pf\u00e4lzische Technische Universit\u00e4t &amp; Hochschule Kaiserslautern\",\"potentialAction\":[{\"@type\":\"SearchAction\",\"target\":{\"@type\":\"EntryPoint\",\"urlTemplate\":\"https:\/\/gruendungsbuero.info\/?s={search_term_string}\"},\"query-input\":{\"@type\":\"PropertyValueSpecification\",\"valueRequired\":true,\"valueName\":\"search_term_string\"}}],\"inLanguage\":\"en-GB\"},{\"@type\":\"Person\",\"@id\":\"https:\/\/gruendungsbuero.info\/#\/schema\/person\/58a723001087346f00ec3274659735aa\",\"name\":\"Karolis Dailidonis\",\"image\":{\"@type\":\"ImageObject\",\"inLanguage\":\"en-GB\",\"@id\":\"https:\/\/gruendungsbuero.info\/#\/schema\/person\/image\/\",\"url\":\"https:\/\/secure.gravatar.com\/avatar\/663b28806cfe58e9c28df5eddbd818c884f47e7ef8bb1abae76be637b404e66b?s=96&d=mm&r=g\",\"contentUrl\":\"https:\/\/secure.gravatar.com\/avatar\/663b28806cfe58e9c28df5eddbd818c884f47e7ef8bb1abae76be637b404e66b?s=96&d=mm&r=g\",\"caption\":\"Karolis Dailidonis\"},\"url\":\"https:\/\/gruendungsbuero.info\/en\/author\/taskforce-space\/\"}]}<\/script>\n<!-- \/ Yoast SEO plugin. -->","yoast_head_json":{"title":"Deutscher Business Angels Tag 2014 FROM LOCAL TO GLOBAL - Gr\u00fcndungsb\u00fcro","robots":{"index":"index","follow":"follow","max-snippet":"max-snippet:-1","max-image-preview":"max-image-preview:large","max-video-preview":"max-video-preview:-1"},"canonical":"https:\/\/gruendungsbuero.info\/en\/2014\/08\/26\/german-business-angels-day-2014-from-local-to-global\/","og_locale":"en_GB","og_type":"article","og_title":"Deutscher Business Angels Tag 2014 FROM LOCAL TO GLOBAL - Gr\u00fcndungsb\u00fcro","og_description":"Deutschlands zentraler Treffpunkt des Business Angels Ecosystems Konferenz, Networking, Qualifizierung, Messe, Ausstellung, feierliches Event 500 Teilnehmer, 150 Aussteller, 70 Referenten","og_url":"https:\/\/gruendungsbuero.info\/en\/2014\/08\/26\/german-business-angels-day-2014-from-local-to-global\/","og_site_name":"Gr\u00fcndungsb\u00fcro","article_published_time":"2014-08-26T12:21:30+00:00","article_modified_time":"2022-03-17T12:27:32+00:00","author":"Karolis Dailidonis","twitter_card":"summary_large_image","twitter_misc":{"Written by":"Karolis Dailidonis","Est. reading time":"1 minute"},"schema":{"@context":"https:\/\/schema.org","@graph":[{"@type":"WebPage","@id":"https:\/\/gruendungsbuero.info\/2014\/08\/26\/deutscher-business-angels-tag-2014-from-local-to-global\/","url":"https:\/\/gruendungsbuero.info\/2014\/08\/26\/deutscher-business-angels-tag-2014-from-local-to-global\/","name":"Deutscher Business Angels Tag 2014 FROM LOCAL TO GLOBAL - Gr\u00fcndungsb\u00fcro","isPartOf":{"@id":"https:\/\/gruendungsbuero.info\/#website"},"datePublished":"2014-08-26T12:21:30+00:00","dateModified":"2022-03-17T12:27:32+00:00","author":{"@id":"https:\/\/gruendungsbuero.info\/#\/schema\/person\/58a723001087346f00ec3274659735aa"},"breadcrumb":{"@id":"https:\/\/gruendungsbuero.info\/2014\/08\/26\/deutscher-business-angels-tag-2014-from-local-to-global\/#breadcrumb"},"inLanguage":"en-GB","potentialAction":[{"@type":"ReadAction","target":["https:\/\/gruendungsbuero.info\/2014\/08\/26\/deutscher-business-angels-tag-2014-from-local-to-global\/"]}]},{"@type":"BreadcrumbList","@id":"https:\/\/gruendungsbuero.info\/2014\/08\/26\/deutscher-business-angels-tag-2014-from-local-to-global\/#breadcrumb","itemListElement":[{"@type":"ListItem","position":1,"name":"Home","item":"https:\/\/gruendungsbuero.info\/"},{"@type":"ListItem","position":2,"name":"Deutscher Business Angels Tag 2014 FROM LOCAL TO GLOBAL"}]},{"@type":"WebSite","@id":"https:\/\/gruendungsbuero.info\/#website","url":"https:\/\/gruendungsbuero.info\/","name":"Gr\u00fcndungsb\u00fcro","description":"Rheinland-Pf\u00e4lzische Technische Universit\u00e4t &amp; Hochschule Kaiserslautern","potentialAction":[{"@type":"SearchAction","target":{"@type":"EntryPoint","urlTemplate":"https:\/\/gruendungsbuero.info\/?s={search_term_string}"},"query-input":{"@type":"PropertyValueSpecification","valueRequired":true,"valueName":"search_term_string"}}],"inLanguage":"en-GB"},{"@type":"Person","@id":"https:\/\/gruendungsbuero.info\/#\/schema\/person\/58a723001087346f00ec3274659735aa","name":"Karolis Dailidonis","image":{"@type":"ImageObject","inLanguage":"en-GB","@id":"https:\/\/gruendungsbuero.info\/#\/schema\/person\/image\/","url":"https:\/\/secure.gravatar.com\/avatar\/663b28806cfe58e9c28df5eddbd818c884f47e7ef8bb1abae76be637b404e66b?s=96&d=mm&r=g","contentUrl":"https:\/\/secure.gravatar.com\/avatar\/663b28806cfe58e9c28df5eddbd818c884f47e7ef8bb1abae76be637b404e66b?s=96&d=mm&r=g","caption":"Karolis Dailidonis"},"url":"https:\/\/gruendungsbuero.info\/en\/author\/taskforce-space\/"}]}},"_links":{"self":[{"href":"https:\/\/gruendungsbuero.info\/en\/wp-json\/wp\/v2\/posts\/100121","targetHints":{"allow":["GET"]}}],"collection":[{"href":"https:\/\/gruendungsbuero.info\/en\/wp-json\/wp\/v2\/posts"}],"about":[{"href":"https:\/\/gruendungsbuero.info\/en\/wp-json\/wp\/v2\/types\/post"}],"author":[{"embeddable":true,"href":"https:\/\/gruendungsbuero.info\/en\/wp-json\/wp\/v2\/users\/810"}],"replies":[{"embeddable":true,"href":"https:\/\/gruendungsbuero.info\/en\/wp-json\/wp\/v2\/comments?post=100121"}],"version-history":[{"count":1,"href":"https:\/\/gruendungsbuero.info\/en\/wp-json\/wp\/v2\/posts\/100121\/revisions"}],"predecessor-version":[{"id":104262,"href":"https:\/\/gruendungsbuero.info\/en\/wp-json\/wp\/v2\/posts\/100121\/revisions\/104262"}],"wp:attachment":[{"href":"https:\/\/gruendungsbuero.info\/en\/wp-json\/wp\/v2\/media?parent=100121"}],"wp:term":[{"taxonomy":"category","embeddable":true,"href":"https:\/\/gruendungsbuero.info\/en\/wp-json\/wp\/v2\/categories?post=100121"},{"taxonomy":"post_tag","embeddable":true,"href":"https:\/\/gruendungsbuero.info\/en\/wp-json\/wp\/v2\/tags?post=100121"}],"curies":[{"name":"wp","href":"https:\/\/api.w.org\/{rel}","templated":true}]}}